{"id":495,"date":"2021-10-01T15:48:58","date_gmt":"2021-10-01T13:48:58","guid":{"rendered":"https:\/\/dorpsplatform.ossendrecht.net\/?p=495"},"modified":"2021-10-20T11:58:44","modified_gmt":"2021-10-20T09:58:44","slug":"zorg-cafe-ossendrecht-nieuwe-stijl-van-start","status":"publish","type":"post","link":"https:\/\/dorpsplatform-ossendrecht.nl\/?p=495","title":{"rendered":"Zorgcaf\u00e9 Ossendrecht nieuwe stijl gaat van start!"},"content":{"rendered":"\n<pre class=\"wp-block-preformatted has-normal-font-size\">Zorg caf\u00e9 Ossendrecht nieuwe stijl gaat van start!\n\nHet zorgcaf\u00e9 is een samenwerking tussen de BWI en de cli\u00ebnt-ondersteunster van Ossendrecht, mevr. Elcilia Guy-Kleinschmidt. \n\nWanneer?\nWoensdag 20 oktober 2021 vanaf 09.30 uur.\n\nWaar?\nMFC de Drieschaar\n\nMaar er is wel wat veranderd!\n\nWe hebben het opgedeeld in een vrije inloop vanaf half 10 tot half elf voor algemene vragen, een praatje en\/of een bakje koffie en de mogelijkheid om een afspraak te maken met een van de specialisten van de BWI of de cli\u00ebntondersteunster.\n\nWant als u een specifieke vraag heeft is er de mogelijkheid om een afspraak te maken. Hiervoor willen we u vragen telefonisch een afspraak te maken met de BWI op telefoonnummer 0164-672049 of een mail te sturen via de website van de BWI. \n\nU kunt terecht voor vragen met betrekking tot:\n\n\u2022\tToeslagen  \n\u2022\tHulp bij de aanvraag van toeslagen \n\u2022\tStudiefinanciering   \n\u2022\tBijzondere bijstand, minimabeleid e.a. regelingen van ISD Brabantse Wal  \n\u2022\tWoensdrechts Sportfonds   \n\u2022\tJeugdsportfonds   \n\u2022\tStichting Leergeld   \n\u2022\tKinderhulp, Armoedefonds, e.a.   \n\u2022\tKwijtschelding gemeentelijke belastingen   \n\u2022\tAanvragen schuldhulpverlening, het in kaart brengen van jouw financi\u00ebn \n\u2022\tMantelzorg\n\u2022\tHulp voor u zelf\n\u2022\tEenzaamheid\n\nMaar ook voor Ondersteuningsvragen met betrekking tot:\n\u2022\thulpmiddelen\n\u2022\twoningaanpassingen\n\u2022\thuishoudelijke ondersteuning\n\n\nEr wordt dan een afspraak gemaakt voor u in MFC de Drieschaar en we zorgen er dan voor dat uw vraag door een van de specialisten van de BWI beantwoord kan worden.\n\n\nHeeft u nog steeds geen QR code, of problemen met het aanvragen? \n\nGeen tijd gehad om een van de sessies in Hoogerheide te bezoeken? Of had u wellicht geen vervoer?  \nOp 20 oktober 2021 kunt u als u voldoet aan de voorwaarden ook in het zorg caf\u00e9 terecht voor hulp bij het aanvragen en uitprinten van de QR code die u o.a. nodig heeft in restaurants, bioscopen etc.\n\nNa 20 oktober 2021 zal het zorg caf\u00e9 ook geopend zijn op 24 november 2021 \nen 14 januari 2022 (onder voorbehoud).\n<\/pre>\n\n\n\n<figure class=\"wp-block-image size-large is-resized\"><img loading=\"lazy\" decoding=\"async\" src=\"https:\/\/dorpsplatform-ossendrecht.nl\/wp-content\/uploads\/2021\/10\/Lars-zorgcafe-2-768x1024.jpg\" alt=\"\" class=\"wp-image-523\" width=\"309\" height=\"411\" srcset=\"https:\/\/dorpsplatform-ossendrecht.nl\/wp-content\/uploads\/2021\/10\/Lars-zorgcafe-2-768x1024.jpg 768w, https:\/\/dorpsplatform-ossendrecht.nl\/wp-content\/uploads\/2021\/10\/Lars-zorgcafe-2-225x300.jpg 225w, https:\/\/dorpsplatform-ossendrecht.nl\/wp-content\/uploads\/2021\/10\/Lars-zorgcafe-2.jpg 960w\" sizes=\"auto, (max-width: 309px) 100vw, 309px\" \/><\/figure>\n\n\n\n<figure class=\"wp-block-image size-full is-resized\"><img loading=\"lazy\" decoding=\"async\" src=\"https:\/\/dorpsplatform-ossendrecht.nl\/wp-content\/uploads\/2021\/10\/5D7856B6-283D-48E0-8BED-227981AD6B2F_1_105_c.jpeg\" alt=\"\" class=\"wp-image-540\" width=\"492\" height=\"369\" srcset=\"https:\/\/dorpsplatform-ossendrecht.nl\/wp-content\/uploads\/2021\/10\/5D7856B6-283D-48E0-8BED-227981AD6B2F_1_105_c.jpeg 1024w, https:\/\/dorpsplatform-ossendrecht.nl\/wp-content\/uploads\/2021\/10\/5D7856B6-283D-48E0-8BED-227981AD6B2F_1_105_c-300x225.jpeg 300w, https:\/\/dorpsplatform-ossendrecht.nl\/wp-content\/uploads\/2021\/10\/5D7856B6-283D-48E0-8BED-227981AD6B2F_1_105_c-768x576.jpeg 768w\" sizes=\"auto, (max-width: 492px) 100vw, 492px\" \/><\/figure>\n\n\n\n<p>BWI, Zonnebloem en client ondersteunster zijn er klaar voor!<\/p>\n\n\n\n<figure class=\"wp-block-image size-full is-resized\"><img loading=\"lazy\" decoding=\"async\" src=\"https:\/\/dorpsplatform-ossendrecht.nl\/wp-content\/uploads\/2021\/10\/372F74DF-3E1E-48A4-8FB5-A08A77846F47_1_105_c.jpeg\" alt=\"\" class=\"wp-image-541\" width=\"323\" height=\"431\" srcset=\"https:\/\/dorpsplatform-ossendrecht.nl\/wp-content\/uploads\/2021\/10\/372F74DF-3E1E-48A4-8FB5-A08A77846F47_1_105_c.jpeg 768w, https:\/\/dorpsplatform-ossendrecht.nl\/wp-content\/uploads\/2021\/10\/372F74DF-3E1E-48A4-8FB5-A08A77846F47_1_105_c-225x300.jpeg 225w\" sizes=\"auto, (max-width: 323px) 100vw, 323px\" \/><\/figure>\n","protected":false},"excerpt":{"rendered":"<p>Zorg caf\u00e9 Ossendrecht nieuwe stijl gaat van start! Het zorgcaf\u00e9 is een samenwerking tussen de BWI en de cli\u00ebnt-ondersteunster van Ossendrecht, mevr. Elcilia Guy-Kleinschmidt. Wanneer? Woensdag 20 oktober 2021 vanaf 09.30 uur. Waar? MFC de Drieschaar Maar er is wel wat veranderd! We hebben het opgedeeld in een vrije inloop vanaf half 10 tot half [&hellip;]<\/p>\n","protected":false},"author":3,"featured_media":0,"comment_status":"open","ping_status":"open","sticky":false,"template":"","format":"standard","meta":{"_jetpack_memberships_contains_paid_content":false,"footnotes":""},"categories":[1,31],"tags":[],"class_list":["post-495","post","type-post","status-publish","format-standard","hentry","category-algemeen","category-wmo"],"jetpack_featured_media_url":"","jetpack_sharing_enabled":true,"_links":{"self":[{"href":"https:\/\/dorpsplatform-ossendrecht.nl\/index.php?rest_route=\/wp\/v2\/posts\/495","targetHints":{"allow":["GET"]}}],"collection":[{"href":"https:\/\/dorpsplatform-ossendrecht.nl\/index.php?rest_route=\/wp\/v2\/posts"}],"about":[{"href":"https:\/\/dorpsplatform-ossendrecht.nl\/index.php?rest_route=\/wp\/v2\/types\/post"}],"author":[{"embeddable":true,"href":"https:\/\/dorpsplatform-ossendrecht.nl\/index.php?rest_route=\/wp\/v2\/users\/3"}],"replies":[{"embeddable":true,"href":"https:\/\/dorpsplatform-ossendrecht.nl\/index.php?rest_route=%2Fwp%2Fv2%2Fcomments&post=495"}],"version-history":[{"count":8,"href":"https:\/\/dorpsplatform-ossendrecht.nl\/index.php?rest_route=\/wp\/v2\/posts\/495\/revisions"}],"predecessor-version":[{"id":545,"href":"https:\/\/dorpsplatform-ossendrecht.nl\/index.php?rest_route=\/wp\/v2\/posts\/495\/revisions\/545"}],"wp:attachment":[{"href":"https:\/\/dorpsplatform-ossendrecht.nl\/index.php?rest_route=%2Fwp%2Fv2%2Fmedia&parent=495"}],"wp:term":[{"taxonomy":"category","embeddable":true,"href":"https:\/\/dorpsplatform-ossendrecht.nl\/index.php?rest_route=%2Fwp%2Fv2%2Fcategories&post=495"},{"taxonomy":"post_tag","embeddable":true,"href":"https:\/\/dorpsplatform-ossendrecht.nl\/index.php?rest_route=%2Fwp%2Fv2%2Ftags&post=495"}],"curies":[{"name":"wp","href":"https:\/\/api.w.org\/{rel}","templated":true}]}}